[{"@context":"https:\/\/schema.org\/","@type":"Article","@id":"https:\/\/www.enestra.cz\/duchodci-maji-utrum\/#Article","mainEntityOfPage":"https:\/\/www.enestra.cz\/duchodci-maji-utrum\/","headline":"D\u016fchodci maj\u00ed utrum","name":"D\u016fchodci maj\u00ed utrum","description":"To bylo sil\u00e1ck\u00fdch \u0159e\u010d\u00ed o tom, jak si na\u0161e ekonomika skv\u011ble vede! To bylo \u0159e\u010di\u010dek o tom, jak si mus\u00ed oby\u010dejn\u00ed lid\u00e9 finan\u010dn\u011b polep\u0161it, aby z\u00a0toho p\u0159\u00edzniv\u00e9ho v\u00fdvoje ekonomiky n\u011bco m\u011bli! A to bylo \u0159e\u010d\u00ed o tom, jak jsou d\u016fchodci ur\u00e1\u017eeni nedostate\u010dnou, ne-li p\u0159\u00edmo sm\u011b\u0161nou valorizac\u00ed, a jak se jim mus\u00ed p\u0159id\u00e1vat v\u00edc! V\u00edc, ne\u017e [&hellip;]","datePublished":"2019-12-20","dateModified":"2023-05-03","author":{"@type":"Person","@id":"https:\/\/www.enestra.cz\/author\/#Person","name":"","url":"https:\/\/www.enestra.cz\/author\/","identifier":1,"image":{"@type":"ImageObject","@id":"https:\/\/secure.gravatar.com\/avatar\/75822ebcb33f26a58f54da5d813b950f2ea435f36540e293975e215a51d4a023?s=96&d=mm&r=g","url":"https:\/\/secure.gravatar.com\/avatar\/75822ebcb33f26a58f54da5d813b950f2ea435f36540e293975e215a51d4a023?s=96&d=mm&r=g","height":96,"width":96}},"publisher":{"@type":"Organization","name":"enestra.cz","logo":{"@type":"ImageObject","@id":"\/logo.png","url":"\/logo.png","width":600,"height":60}},"image":{"@type":"ImageObject","@id":"https:\/\/www.enestra.cz\/wp-content\/uploads\/img_a364421_w4305_t1577264122.jpg","url":"https:\/\/www.enestra.cz\/wp-content\/uploads\/img_a364421_w4305_t1577264122.jpg","height":0,"width":0},"url":"https:\/\/www.enestra.cz\/duchodci-maji-utrum\/","about":["Ekonomika"],"wordCount":460,"articleBody":"To bylo sil\u00e1ck\u00fdch \u0159e\u010d\u00ed o tom, jak si na\u0161e ekonomika skv\u011ble vede! To bylo \u0159e\u010di\u010dek o tom, jak si mus\u00ed oby\u010dejn\u00ed lid\u00e9 finan\u010dn\u011b polep\u0161it, aby z\u00a0toho p\u0159\u00edzniv\u00e9ho v\u00fdvoje ekonomiky n\u011bco m\u011bli! A to bylo \u0159e\u010d\u00ed o tom, jak jsou d\u016fchodci ur\u00e1\u017eeni nedostate\u010dnou, ne-li p\u0159\u00edmo sm\u011b\u0161nou valorizac\u00ed, a jak se jim mus\u00ed p\u0159id\u00e1vat v\u00edc! V\u00edc, ne\u017e ukl\u00e1d\u00e1 platn\u00fd z\u00e1kon.Takov\u00fdch bul\u00edk\u016f n\u00e1m nav\u011b\u0161eli na nos, kdy\u017e n\u00e1m vypr\u00e1v\u011bli o tom, jak cht\u011bj\u00ed m\u00edsto hrozby deflace dos\u00e1hnout \u00fadajn\u00e9 zdrav\u00e9 inflace! A natisknuli a lidem populisticky rozdali ni\u010d\u00edm nekryt\u00e9 pen\u00edze. Co\u017e tenkr\u00e1t nebylo vid\u011bt, ale dneska u\u017e to vid\u011bt je.Dneska u\u017e je v\u0161echno jinak. Ty, kdo byli tenkr\u00e1t u v\u00e1lu, nahradili jin\u00ed. Trochu realisti\u010dt\u011bji uva\u017euj\u00edc\u00ed. A ti zjevn\u011b cht\u011bj\u00ed tehdej\u0161\u00ed ekonomick\u00e9 \u0161\u00edlenstv\u00ed ukon\u010dit. A proto u\u017e se t\u0159eba mluv\u00ed a p\u00ed\u0161e o tom, \u017ee u\u017e se d\u016fchodc\u016fm nebude p\u0159id\u00e1vat v\u00edc, ne\u017e se jim podle z\u00e1kona p\u0159id\u00e1vat mus\u00ed. Proto\u017ee na to zkr\u00e1tka nejsou pen\u00edze. D\u016fchodov\u00fd syst\u00e9m je neudr\u017eiteln\u00fd, tedy jin\u00fdmi slovy sp\u011bje ke krachu.A co to znamen\u00e1? Jenom to, \u017ee se bude d\u016fchodc\u016fm p\u0159id\u00e1vat jen z\u00e1konem dan\u00e1 suma. Tolik, kolik bylo podle ned\u00e1vn\u00fdch vl\u00e1dn\u00edch politik\u016f m\u00e1lo, vlastn\u011b ur\u00e1\u017eliv\u011b m\u00e1lo.Co\u017e by nemuselo b\u00fdt samo o sob\u011b zl\u00e9. Ale pr\u00e1v\u011b kv\u016fli p\u0159edchoz\u00edm populist\u016fm to zl\u00e9 je.P\u0159edchoz\u00ed vl\u00e1da prost\u011b rozdala spoustu pen\u011bz, jen aby se zal\u00edbila lidem. A zkraje to fungovalo. Lid\u00e9 m\u011bli v\u00edc pen\u011bz, ale ceny je\u0161t\u011b stagnovaly, a tak se mnoz\u00ed m\u011bli l\u00edp. Ale pak se rozjela vy\u0161\u0161\u00ed inflace, ne\u017e ta propagovan\u00e1 zdrav\u00e1, a pen\u00edze za\u010daly ztr\u00e1cet svoji hodnotu.A i te\u010f je\u0161t\u011b ceny rostou a ur\u010dit\u011b i d\u00e1l porostou. Bude \u010d\u00edm d\u00e1l t\u00edm dr\u00e1\u017e. \u00daspory budou ztr\u00e1cet hodnotu a p\u0159\u00edjmy lid\u00ed? Politici si ur\u010dit\u011b v\u010das p\u0159idaj\u00ed, n\u011bkdo si snad udr\u017e\u00ed \u017eivotn\u00ed standard. Ale d\u016fchodci ostrouhaj\u00ed. Ceny v\u0161eho, zvl\u00e1\u0161t\u011b potravin a jin\u00fdch nezbytnost\u00ed, rostou, a d\u016fchody se skoro nepohnou. Ale co je komu z\u00a0politik\u016f do d\u016fchodc\u016f? Ti jsou p\u0159ece u\u017eite\u010dn\u00ed jen populist\u016fm p\u0159ed volbami. A sotva si vzpomenou a dojde jim, \u017ee budou te\u010f chudnout jen kv\u016fli t\u011bm, kdo jim d\u0159\u00edv p\u0159id\u00e1vali.                                                                                                                                                                                                                                                                                                                                                                                        4.2\/5 - (9 votes)        "},{"@context":"https:\/\/schema.org\/","@type":"BreadcrumbList","itemListElement":[{"@type":"ListItem","position":1,"name":"D\u016fchodci maj\u00ed utrum","item":"https:\/\/www.enestra.cz\/duchodci-maji-utrum\/#breadcrumbitem"}]}]