[{"@context":"https:\/\/schema.org\/","@type":"Article","@id":"https:\/\/www.enestra.cz\/perez-doufa-v-nejlepsi-sezonu-kariery\/#Article","mainEntityOfPage":"https:\/\/www.enestra.cz\/perez-doufa-v-nejlepsi-sezonu-kariery\/","headline":"P\u00e9rez douf\u00e1 v nejlep\u0161\u00ed sez\u00f3nu kari\u00e9ry","name":"P\u00e9rez douf\u00e1 v nejlep\u0161\u00ed sez\u00f3nu kari\u00e9ry","description":"Sergio P\u00e9rez Mendoza se narodil v Mexiku. Kari\u00e9ru v automobilismu za\u010dal v roce 1996 na motok\u00e1r\u00e1ch. V juniorsk\u00e9 s\u00e9rii z\u00edskal celkem 5 titul\u016f v Mexiku a USA. V americk\u00e9m \u0161ampion\u00e1tu Skip Barber Dodge Series se um\u00edstil, v roce 2004, na jeden\u00e1ct\u00e9 p\u0159\u00ed\u010dce. Po p\u0159esunu do Evropy p\u016fsobil ve Formuli BMW &#8211; v n\u011bmeck\u00e9 s\u00e9rii, kde [&hellip;]","datePublished":"2020-02-08","dateModified":"2023-05-03","author":{"@type":"Person","@id":"https:\/\/www.enestra.cz\/author\/#Person","name":"","url":"https:\/\/www.enestra.cz\/author\/","identifier":1,"image":{"@type":"ImageObject","@id":"https:\/\/secure.gravatar.com\/avatar\/75822ebcb33f26a58f54da5d813b950f2ea435f36540e293975e215a51d4a023?s=96&d=mm&r=g","url":"https:\/\/secure.gravatar.com\/avatar\/75822ebcb33f26a58f54da5d813b950f2ea435f36540e293975e215a51d4a023?s=96&d=mm&r=g","height":96,"width":96}},"publisher":{"@type":"Organization","name":"enestra.cz","logo":{"@type":"ImageObject","@id":"\/logo.png","url":"\/logo.png","width":600,"height":60}},"image":{"@type":"ImageObject","@id":"https:\/\/www.enestra.cz\/wp-content\/uploads\/img_a370923_w3007_t1582612574.jpg","url":"https:\/\/www.enestra.cz\/wp-content\/uploads\/img_a370923_w3007_t1582612574.jpg","height":0,"width":0},"url":"https:\/\/www.enestra.cz\/perez-doufa-v-nejlepsi-sezonu-kariery\/","about":["Auto moto"],"wordCount":428,"articleBody":"Sergio P\u00e9rez Mendoza se narodil v Mexiku. Kari\u00e9ru v automobilismu za\u010dal v roce 1996 na motok\u00e1r\u00e1ch. V juniorsk\u00e9 s\u00e9rii z\u00edskal celkem 5 titul\u016f v Mexiku a USA.\tV americk\u00e9m \u0161ampion\u00e1tu Skip Barber Dodge Series se um\u00edstil, v roce 2004, na jeden\u00e1ct\u00e9 p\u0159\u00ed\u010dce. Po p\u0159esunu do Evropy p\u016fsobil ve Formuli BMW &#8211; v n\u011bmeck\u00e9 s\u00e9rii, kde skon\u010dil \u0161est\u00fd.\t\t\u00a0\u00a0\u00a0\u00a0\u00a0\u00a0\u00a0\u00a0\u00a0\u00a0\u00a0 Za A1 Team Mexico se p\u0159i A1 Grand Prix z\u00fa\u010dastnil jednoho z\u00e1vodu. Stal se nejmlad\u0161\u00edm z\u00e1vodn\u00edkem t\u00e9to s\u00e9rie.\t\u00a0\u00a0\u00a0\u00a0\u00a0\u00a0\u00a0\u00a0\u00a0\u00a0\u00a0 B\u011bhem britsk\u00e9ho \u0161ampion\u00e1tu Formule 3, v roce 2007, dos\u00e1hl krom\u011b dvou z\u00e1vod\u016f v\u017edy na p\u00f3dium za t\u00fdm T-Sport. Pov\u00fd\u0161il do mezin\u00e1rodn\u00edho \u0161ampion\u00e1tu, kde skon\u010dil \u010dtvrt\u00fd.\t\u00a0\t\u00a0\tPot\u00e9 p\u0159esedlal do GP2. Za\u010dal jako kolega Vitalije Petrova v t\u00fdmu Campos Grand Prix. Sergio se od dob Giovanniho Aloie (Formule 3000 v roce 1990) stal prvn\u00edm mexick\u00fdm pilotem na t\u00e9to \u00farovni.\t\u00a0\u00a0\u00a0\u00a0\u00a0\u00a0\u00a0\u00a0\u00a0\u00a0\u00a0 V asijsk\u00e9 GP2 absolvoval z\u00e1vody v monopostu Barwa Addax a skon\u010dil celkov\u011b na druh\u00e9 p\u0159\u00ed\u010dce, byl pora\u017een Pastorem Maldonadem.\t\u00a0\t\u00a0\t\u00a0\u00a0\u00a0\u00a0\u00a0\u00a0\u00a0\u00a0\u00a0\u00a0\u00a0 Roku 2011 dostal p\u0159\u00edle\u017eitost ve Formuli 1 v monopostu Sauber. Vyst\u0159\u00eddal Nicka Heidfelda. Spolu s n\u00edm p\u0159i\u0161el k Sauberu i mexick\u00fd telefonn\u00ed oper\u00e1tor Telmex a stal se hlavn\u00edm sponzorem.\t\u00a0\t\u00a0\u00a0\u00a0\u00a0\u00a0\u00a0\u00a0\u00a0\u00a0\u00a0\u00a0 Ve sv\u00fdch prvn\u00edch dvou sez\u00f3n\u00e1ch v barv\u00e1ch Sauberu dokon\u010dil \u0161ampion\u00e1t jezdc\u016f na 16. a 10. m\u00edst\u011b.\t\u00a0\t\u00a0\u00a0\u00a0\u00a0\u00a0\u00a0\u00a0\u00a0\u00a0\u00a0\u00a0 Pot\u00e9 roku 2013 p\u0159esedlal do monopostu Mclarenu. Byl pravideln\u011b por\u00e1\u017een kolegou Jensonem Buttonem. Po sez\u00f3n\u011b byl P\u00e9rez nahrazen Kevinem Magnussenem. Skon\u010dil na 11. m\u00edst\u011b celkov\u00e9ho po\u0159ad\u00ed \u0161ampion\u00e1tu.\t\u00a0\t\u00a0\u00a0\u00a0\u00a0\u00a0\u00a0\u00a0\u00a0\u00a0\u00a0\u00a0 Od roku 2014 se stal sou\u010d\u00e1st\u00ed Force India t\u00fdmu, kter\u00fd se v posledn\u00edch dvou letech p\u0159ejmenoval na Racing Point.\t\u00a0\u00a0\u00a0\u00a0\u00a0\u00a0\u00a0\u00a0\u00a0\u00a0\u00a0 Ve Force Indii za\u017eil nejlep\u0161\u00ed l\u00e9ta v roce 2016 a 2017, ve kter\u00fdch skon\u010dil v \u0161ampion\u00e1tu na sedm\u00e9m m\u00edst\u011b.\t\u00a0\t\u00a0\u00a0\u00a0\u00a0\u00a0\u00a0\u00a0\u00a0\u00a0\u00a0\u00a0 B\u011bhem prezentace nov\u00e9ho vozu pro rok 2020, p\u0159i rozhovoru pro web RaceFans, \u0159ekl:\t\u00a0\t&#8222;M\u011bli jsme silnou polovinu lo\u0148sk\u00e9 sez\u00f3ny a nevid\u00edm d\u016fvod, pro\u010d bychom na dobr\u00e9 v\u00fdsledky nemohli nav\u00e1zat letos v Melbourne. M\u00fdm c\u00edlem je p\u0159ed\u010dit sv\u00e9 d\u0159\u00edv\u011bj\u0161\u00ed v\u00fdsledky. V\u011b\u0159\u00edm, \u017ee to m\u016f\u017ee b\u00fdt ji\u017e v tomto roce.&#8220;\t\u00a0\t\u00a0\u00a0\u00a0\u00a0\u00a0\u00a0\u00a0\u00a0\u00a0\u00a0\u00a0 P\u00e9rez podepsal smlouvu s t\u00fdmem a\u017e do roku 2023. Racing Point op\u011bt zm\u011bn\u00ed n\u00e1zev a od dal\u0161\u00ed sez\u00f3ny bude zn\u00e1m pod jm\u00e9nem Aston Martin.\u00a0\t\u00a0\u00a0\u00a0\u00a0\u00a0\u00a0\u00a0\u00a0\u00a0\u00a0\u00a0                                                                                                                                                                                                                                                                                                                                                                                         4.6\/5 - (5 votes)        "},{"@context":"https:\/\/schema.org\/","@type":"BreadcrumbList","itemListElement":[{"@type":"ListItem","position":1,"name":"P\u00e9rez douf\u00e1 v nejlep\u0161\u00ed sez\u00f3nu kari\u00e9ry","item":"https:\/\/www.enestra.cz\/perez-doufa-v-nejlepsi-sezonu-kariery\/#breadcrumbitem"}]}]